{"id":8672,"date":"2026-01-27T15:05:49","date_gmt":"2026-01-27T15:05:49","guid":{"rendered":"https:\/\/kfm-kasachstan.net\/?p=8672"},"modified":"2026-01-27T15:05:49","modified_gmt":"2026-01-27T15:05:49","slug":"kfm-trifft-den-kasachischen-vizeminister","status":"publish","type":"post","link":"https:\/\/kfm-kasachstan.net\/?p=8672","title":{"rendered":"KFM trifft den kasachischen Vizeminister"},"content":{"rendered":"<p>Am Rande des Global Forum for Food and Agriculture 2026 (GFFA) vom 15.01. bis zum 17.01.2026 in Berlin trafen das KFM-Team und Vertreter aus dem BMLEH den kasachischen Vizeminister Azat Sultanov und den Botschaftsrat Kasachstans Mirzhan Baimakhanov.<\/p>\n<p>Auf Basis der j\u00fcngsten Status-quo-Analyse des kasachischen Milchsektors stellte Uwe Weddige (Teamleiter des KFM-Projektes) die daraus abgeleiteten Aufgaben und Ziele f\u00fcr die n\u00e4chste Projektphase dar: \u201eder Milchsektor wird derzeit ma\u00dfgeblich durch staatliche Unterst\u00fctzung sowie einen wachsenden Inlandsmarkt getragen. F\u00fcr die zuk\u00fcnftige Entwicklung ist es entscheidend, bestehende interne strukturelle Schw\u00e4chen systematisch zu beseitigen\u201c.<\/p>\n<p>In der anschlie\u00dfenden Diskussion erl\u00e4uterte der Vizeagrarminister das neue Programm zum kasachischen Milchsektor, das Ende Januar 2026 vorgestellt werden soll. Die Empfehlungen des KFM-Projektes spiegelten sich in den vorgesehenen Programmpunkten wider. \u201eDie Unterst\u00fctzung durch KFM ist f\u00fcr uns sehr wichtig, insbesondere den Aufbau eines Kompetenz- und Beratungszentrums sehen wir als zentralen Baustein an. Ziel ist es, das Projekt gemeinsam mit dem BMLEH weiterzuf\u00fchren\u201c, so der Vizeminister.<\/p>\n<p>In diesem Zusammenhang k\u00fcndigten die Verantwortlichen des BMLEH eine Projektplanungsmission nach Kasachstan an, die im Juni 2026 in eine gemeinsame Absichtserkl\u00e4rung und Durchf\u00fchrungsvereinbarung m\u00fcnden soll.<\/p>\n<p>Uwe Weddige<\/p>\n<p>Foto: APD<\/p>\n","protected":false},"excerpt":{"rendered":"<p>Am Rande des Global Forum for Food and Agriculture 2026  [&#8230;]<\/p>\n","protected":false},"author":1,"featured_media":8629,"comment_status":"open","ping_status":"open","sticky":false,"template":"","format":"standard","meta":{"_acf_changed":false,"_relevanssi_hide_post":"","_relevanssi_hide_content":"","_relevanssi_pin_for_all":"","_relevanssi_pin_keywords":"","_relevanssi_unpin_keywords":"","_relevanssi_related_keywords":"","_relevanssi_related_include_ids":"","_relevanssi_related_exclude_ids":"","_relevanssi_related_no_append":"","_relevanssi_related_not_related":"","_relevanssi_related_posts":"","_relevanssi_noindex_reason":"","footnotes":""},"categories":[9],"tags":[],"post_folder":[],"class_list":["post-8672","post","type-post","status-publish","format-standard","has-post-thumbnail","hentry","category-uncategorized-de"],"acf":[],"yoast_head":"<!-- This site is optimized with the Yoast SEO plugin v27.5 - https:\/\/yoast.com\/product\/yoast-seo-wordpress\/ -->\n<title>KFM trifft den kasachischen Vizeminister - Kompetenzf\u00f6rderung Milch in Kasachstan<\/title>\n<meta name=\"robots\" content=\"index, follow, max-snippet:-1, max-image-preview:large, max-video-preview:-1\" \/>\n<link rel=\"canonical\" href=\"https:\/\/kfm-kasachstan.net\/?p=8672\" \/>\n<meta property=\"og:locale\" content=\"en_GB\" \/>\n<meta property=\"og:type\" content=\"article\" \/>\n<meta property=\"og:title\" content=\"KFM trifft den kasachischen Vizeminister - Kompetenzf\u00f6rderung Milch in Kasachstan\" \/>\n<meta property=\"og:description\" content=\"Am Rande des Global Forum for Food and Agriculture 2026 [...]\" \/>\n<meta property=\"og:url\" content=\"https:\/\/kfm-kasachstan.net\/?p=8672\" \/>\n<meta property=\"og:site_name\" content=\"Kompetenzf\u00f6rderung Milch in Kasachstan\" \/>\n<meta property=\"article:published_time\" content=\"2026-01-27T15:05:49+00:00\" \/>\n<meta property=\"og:image\" content=\"https:\/\/kfm-kasachstan.net\/wp-content\/uploads\/2026\/01\/News-20260127-GFFA.jpeg\" \/>\n\t<meta property=\"og:image:width\" content=\"1241\" \/>\n\t<meta property=\"og:image:height\" content=\"698\" \/>\n\t<meta property=\"og:image:type\" content=\"image\/jpeg\" \/>\n<meta name=\"author\" content=\"admin\" \/>\n<meta name=\"twitter:card\" content=\"summary_large_image\" \/>\n<meta name=\"twitter:label1\" content=\"Written by\" \/>\n\t<meta name=\"twitter:data1\" content=\"admin\" \/>\n\t<meta name=\"twitter:label2\" content=\"Estimated reading time\" \/>\n\t<meta name=\"twitter:data2\" content=\"1 minute\" \/>\n<script type=\"application\/ld+json\" class=\"yoast-schema-graph\">{\"@context\":\"https:\\\/\\\/schema.org\",\"@graph\":[{\"@type\":\"Article\",\"@id\":\"https:\\\/\\\/kfm-kasachstan.net\\\/?p=8672#article\",\"isPartOf\":{\"@id\":\"https:\\\/\\\/kfm-kasachstan.net\\\/?p=8672\"},\"author\":{\"name\":\"admin\",\"@id\":\"https:\\\/\\\/kfm-kasachstan.net\\\/#\\\/schema\\\/person\\\/3fb607bb71c3f1c3160cbe615089b1c3\"},\"headline\":\"KFM trifft den kasachischen Vizeminister\",\"datePublished\":\"2026-01-27T15:05:49+00:00\",\"mainEntityOfPage\":{\"@id\":\"https:\\\/\\\/kfm-kasachstan.net\\\/?p=8672\"},\"wordCount\":201,\"commentCount\":0,\"publisher\":{\"@id\":\"https:\\\/\\\/kfm-kasachstan.net\\\/#organization\"},\"image\":{\"@id\":\"https:\\\/\\\/kfm-kasachstan.net\\\/?p=8672#primaryimage\"},\"thumbnailUrl\":\"https:\\\/\\\/kfm-kasachstan.net\\\/wp-content\\\/uploads\\\/2026\\\/01\\\/News-20260127-GFFA.jpeg\",\"articleSection\":[\"News DE\"],\"inLanguage\":\"en-GB\",\"potentialAction\":[{\"@type\":\"CommentAction\",\"name\":\"Comment\",\"target\":[\"https:\\\/\\\/kfm-kasachstan.net\\\/?p=8672#respond\"]}]},{\"@type\":\"WebPage\",\"@id\":\"https:\\\/\\\/kfm-kasachstan.net\\\/?p=8672\",\"url\":\"https:\\\/\\\/kfm-kasachstan.net\\\/?p=8672\",\"name\":\"KFM trifft den kasachischen Vizeminister - Kompetenzf\u00f6rderung Milch in Kasachstan\",\"isPartOf\":{\"@id\":\"https:\\\/\\\/kfm-kasachstan.net\\\/#website\"},\"primaryImageOfPage\":{\"@id\":\"https:\\\/\\\/kfm-kasachstan.net\\\/?p=8672#primaryimage\"},\"image\":{\"@id\":\"https:\\\/\\\/kfm-kasachstan.net\\\/?p=8672#primaryimage\"},\"thumbnailUrl\":\"https:\\\/\\\/kfm-kasachstan.net\\\/wp-content\\\/uploads\\\/2026\\\/01\\\/News-20260127-GFFA.jpeg\",\"datePublished\":\"2026-01-27T15:05:49+00:00\",\"breadcrumb\":{\"@id\":\"https:\\\/\\\/kfm-kasachstan.net\\\/?p=8672#breadcrumb\"},\"inLanguage\":\"en-GB\",\"potentialAction\":[{\"@type\":\"ReadAction\",\"target\":[\"https:\\\/\\\/kfm-kasachstan.net\\\/?p=8672\"]}]},{\"@type\":\"ImageObject\",\"inLanguage\":\"en-GB\",\"@id\":\"https:\\\/\\\/kfm-kasachstan.net\\\/?p=8672#primaryimage\",\"url\":\"https:\\\/\\\/kfm-kasachstan.net\\\/wp-content\\\/uploads\\\/2026\\\/01\\\/News-20260127-GFFA.jpeg\",\"contentUrl\":\"https:\\\/\\\/kfm-kasachstan.net\\\/wp-content\\\/uploads\\\/2026\\\/01\\\/News-20260127-GFFA.jpeg\",\"width\":1241,\"height\":698},{\"@type\":\"BreadcrumbList\",\"@id\":\"https:\\\/\\\/kfm-kasachstan.net\\\/?p=8672#breadcrumb\",\"itemListElement\":[{\"@type\":\"ListItem\",\"position\":1,\"name\":\"Home\",\"item\":\"https:\\\/\\\/kfm-kasachstan.net\\\/\"},{\"@type\":\"ListItem\",\"position\":2,\"name\":\"KFM trifft den kasachischen Vizeminister\"}]},{\"@type\":\"WebSite\",\"@id\":\"https:\\\/\\\/kfm-kasachstan.net\\\/#website\",\"url\":\"https:\\\/\\\/kfm-kasachstan.net\\\/\",\"name\":\"Kompetenzf\u00f6rderung Milch in Kasachstan\",\"description\":\"Deutsch-Kasachisches Kooperationsprojekt\",\"publisher\":{\"@id\":\"https:\\\/\\\/kfm-kasachstan.net\\\/#organization\"},\"potentialAction\":[{\"@type\":\"SearchAction\",\"target\":{\"@type\":\"EntryPoint\",\"urlTemplate\":\"https:\\\/\\\/kfm-kasachstan.net\\\/?s={search_term_string}\"},\"query-input\":{\"@type\":\"PropertyValueSpecification\",\"valueRequired\":true,\"valueName\":\"search_term_string\"}}],\"inLanguage\":\"en-GB\"},{\"@type\":\"Organization\",\"@id\":\"https:\\\/\\\/kfm-kasachstan.net\\\/#organization\",\"name\":\"Kompetenzf\u00f6rderung Milch in Kasachstan\",\"url\":\"https:\\\/\\\/kfm-kasachstan.net\\\/\",\"logo\":{\"@type\":\"ImageObject\",\"inLanguage\":\"en-GB\",\"@id\":\"https:\\\/\\\/kfm-kasachstan.net\\\/#\\\/schema\\\/logo\\\/image\\\/\",\"url\":\"https:\\\/\\\/kfm-kasachstan.net\\\/wp-content\\\/uploads\\\/2020\\\/01\\\/Logo_Header_1080x150_3-03.png\",\"contentUrl\":\"https:\\\/\\\/kfm-kasachstan.net\\\/wp-content\\\/uploads\\\/2020\\\/01\\\/Logo_Header_1080x150_3-03.png\",\"width\":1100,\"height\":150,\"caption\":\"Kompetenzf\u00f6rderung Milch in Kasachstan\"},\"image\":{\"@id\":\"https:\\\/\\\/kfm-kasachstan.net\\\/#\\\/schema\\\/logo\\\/image\\\/\"}},{\"@type\":\"Person\",\"@id\":\"https:\\\/\\\/kfm-kasachstan.net\\\/#\\\/schema\\\/person\\\/3fb607bb71c3f1c3160cbe615089b1c3\",\"name\":\"admin\",\"image\":{\"@type\":\"ImageObject\",\"inLanguage\":\"en-GB\",\"@id\":\"https:\\\/\\\/secure.gravatar.com\\\/avatar\\\/29548d35cee51ee920b71bcee93883a98dc601ef89427c4175c653caaf94f110?s=96&d=mm&r=g\",\"url\":\"https:\\\/\\\/secure.gravatar.com\\\/avatar\\\/29548d35cee51ee920b71bcee93883a98dc601ef89427c4175c653caaf94f110?s=96&d=mm&r=g\",\"contentUrl\":\"https:\\\/\\\/secure.gravatar.com\\\/avatar\\\/29548d35cee51ee920b71bcee93883a98dc601ef89427c4175c653caaf94f110?s=96&d=mm&r=g\",\"caption\":\"admin\"},\"url\":\"https:\\\/\\\/kfm-kasachstan.net\\\/?author=1\"}]}<\/script>\n<!-- \/ Yoast SEO plugin. -->","yoast_head_json":{"title":"KFM trifft den kasachischen Vizeminister - Kompetenzf\u00f6rderung Milch in Kasachstan","robots":{"index":"index","follow":"follow","max-snippet":"max-snippet:-1","max-image-preview":"max-image-preview:large","max-video-preview":"max-video-preview:-1"},"canonical":"https:\/\/kfm-kasachstan.net\/?p=8672","og_locale":"en_GB","og_type":"article","og_title":"KFM trifft den kasachischen Vizeminister - Kompetenzf\u00f6rderung Milch in Kasachstan","og_description":"Am Rande des Global Forum for Food and Agriculture 2026 [...]","og_url":"https:\/\/kfm-kasachstan.net\/?p=8672","og_site_name":"Kompetenzf\u00f6rderung Milch in Kasachstan","article_published_time":"2026-01-27T15:05:49+00:00","og_image":[{"width":1241,"height":698,"url":"https:\/\/kfm-kasachstan.net\/wp-content\/uploads\/2026\/01\/News-20260127-GFFA.jpeg","type":"image\/jpeg"}],"author":"admin","twitter_card":"summary_large_image","twitter_misc":{"Written by":"admin","Estimated reading time":"1 minute"},"schema":{"@context":"https:\/\/schema.org","@graph":[{"@type":"Article","@id":"https:\/\/kfm-kasachstan.net\/?p=8672#article","isPartOf":{"@id":"https:\/\/kfm-kasachstan.net\/?p=8672"},"author":{"name":"admin","@id":"https:\/\/kfm-kasachstan.net\/#\/schema\/person\/3fb607bb71c3f1c3160cbe615089b1c3"},"headline":"KFM trifft den kasachischen Vizeminister","datePublished":"2026-01-27T15:05:49+00:00","mainEntityOfPage":{"@id":"https:\/\/kfm-kasachstan.net\/?p=8672"},"wordCount":201,"commentCount":0,"publisher":{"@id":"https:\/\/kfm-kasachstan.net\/#organization"},"image":{"@id":"https:\/\/kfm-kasachstan.net\/?p=8672#primaryimage"},"thumbnailUrl":"https:\/\/kfm-kasachstan.net\/wp-content\/uploads\/2026\/01\/News-20260127-GFFA.jpeg","articleSection":["News DE"],"inLanguage":"en-GB","potentialAction":[{"@type":"CommentAction","name":"Comment","target":["https:\/\/kfm-kasachstan.net\/?p=8672#respond"]}]},{"@type":"WebPage","@id":"https:\/\/kfm-kasachstan.net\/?p=8672","url":"https:\/\/kfm-kasachstan.net\/?p=8672","name":"KFM trifft den kasachischen Vizeminister - Kompetenzf\u00f6rderung Milch in Kasachstan","isPartOf":{"@id":"https:\/\/kfm-kasachstan.net\/#website"},"primaryImageOfPage":{"@id":"https:\/\/kfm-kasachstan.net\/?p=8672#primaryimage"},"image":{"@id":"https:\/\/kfm-kasachstan.net\/?p=8672#primaryimage"},"thumbnailUrl":"https:\/\/kfm-kasachstan.net\/wp-content\/uploads\/2026\/01\/News-20260127-GFFA.jpeg","datePublished":"2026-01-27T15:05:49+00:00","breadcrumb":{"@id":"https:\/\/kfm-kasachstan.net\/?p=8672#breadcrumb"},"inLanguage":"en-GB","potentialAction":[{"@type":"ReadAction","target":["https:\/\/kfm-kasachstan.net\/?p=8672"]}]},{"@type":"ImageObject","inLanguage":"en-GB","@id":"https:\/\/kfm-kasachstan.net\/?p=8672#primaryimage","url":"https:\/\/kfm-kasachstan.net\/wp-content\/uploads\/2026\/01\/News-20260127-GFFA.jpeg","contentUrl":"https:\/\/kfm-kasachstan.net\/wp-content\/uploads\/2026\/01\/News-20260127-GFFA.jpeg","width":1241,"height":698},{"@type":"BreadcrumbList","@id":"https:\/\/kfm-kasachstan.net\/?p=8672#breadcrumb","itemListElement":[{"@type":"ListItem","position":1,"name":"Home","item":"https:\/\/kfm-kasachstan.net\/"},{"@type":"ListItem","position":2,"name":"KFM trifft den kasachischen Vizeminister"}]},{"@type":"WebSite","@id":"https:\/\/kfm-kasachstan.net\/#website","url":"https:\/\/kfm-kasachstan.net\/","name":"Kompetenzf\u00f6rderung Milch in Kasachstan","description":"Deutsch-Kasachisches Kooperationsprojekt","publisher":{"@id":"https:\/\/kfm-kasachstan.net\/#organization"},"potentialAction":[{"@type":"SearchAction","target":{"@type":"EntryPoint","urlTemplate":"https:\/\/kfm-kasachstan.net\/?s={search_term_string}"},"query-input":{"@type":"PropertyValueSpecification","valueRequired":true,"valueName":"search_term_string"}}],"inLanguage":"en-GB"},{"@type":"Organization","@id":"https:\/\/kfm-kasachstan.net\/#organization","name":"Kompetenzf\u00f6rderung Milch in Kasachstan","url":"https:\/\/kfm-kasachstan.net\/","logo":{"@type":"ImageObject","inLanguage":"en-GB","@id":"https:\/\/kfm-kasachstan.net\/#\/schema\/logo\/image\/","url":"https:\/\/kfm-kasachstan.net\/wp-content\/uploads\/2020\/01\/Logo_Header_1080x150_3-03.png","contentUrl":"https:\/\/kfm-kasachstan.net\/wp-content\/uploads\/2020\/01\/Logo_Header_1080x150_3-03.png","width":1100,"height":150,"caption":"Kompetenzf\u00f6rderung Milch in Kasachstan"},"image":{"@id":"https:\/\/kfm-kasachstan.net\/#\/schema\/logo\/image\/"}},{"@type":"Person","@id":"https:\/\/kfm-kasachstan.net\/#\/schema\/person\/3fb607bb71c3f1c3160cbe615089b1c3","name":"admin","image":{"@type":"ImageObject","inLanguage":"en-GB","@id":"https:\/\/secure.gravatar.com\/avatar\/29548d35cee51ee920b71bcee93883a98dc601ef89427c4175c653caaf94f110?s=96&d=mm&r=g","url":"https:\/\/secure.gravatar.com\/avatar\/29548d35cee51ee920b71bcee93883a98dc601ef89427c4175c653caaf94f110?s=96&d=mm&r=g","contentUrl":"https:\/\/secure.gravatar.com\/avatar\/29548d35cee51ee920b71bcee93883a98dc601ef89427c4175c653caaf94f110?s=96&d=mm&r=g","caption":"admin"},"url":"https:\/\/kfm-kasachstan.net\/?author=1"}]}},"_links":{"self":[{"href":"https:\/\/kfm-kasachstan.net\/index.php?rest_route=\/wp\/v2\/posts\/8672","targetHints":{"allow":["GET"]}}],"collection":[{"href":"https:\/\/kfm-kasachstan.net\/index.php?rest_route=\/wp\/v2\/posts"}],"about":[{"href":"https:\/\/kfm-kasachstan.net\/index.php?rest_route=\/wp\/v2\/types\/post"}],"author":[{"embeddable":true,"href":"https:\/\/kfm-kasachstan.net\/index.php?rest_route=\/wp\/v2\/users\/1"}],"replies":[{"embeddable":true,"href":"https:\/\/kfm-kasachstan.net\/index.php?rest_route=%2Fwp%2Fv2%2Fcomments&post=8672"}],"version-history":[{"count":1,"href":"https:\/\/kfm-kasachstan.net\/index.php?rest_route=\/wp\/v2\/posts\/8672\/revisions"}],"predecessor-version":[{"id":8673,"href":"https:\/\/kfm-kasachstan.net\/index.php?rest_route=\/wp\/v2\/posts\/8672\/revisions\/8673"}],"wp:featuredmedia":[{"embeddable":true,"href":"https:\/\/kfm-kasachstan.net\/index.php?rest_route=\/wp\/v2\/media\/8629"}],"wp:attachment":[{"href":"https:\/\/kfm-kasachstan.net\/index.php?rest_route=%2Fwp%2Fv2%2Fmedia&parent=8672"}],"wp:term":[{"taxonomy":"category","embeddable":true,"href":"https:\/\/kfm-kasachstan.net\/index.php?rest_route=%2Fwp%2Fv2%2Fcategories&post=8672"},{"taxonomy":"post_tag","embeddable":true,"href":"https:\/\/kfm-kasachstan.net\/index.php?rest_route=%2Fwp%2Fv2%2Ftags&post=8672"},{"taxonomy":"post_folder","embeddable":true,"href":"https:\/\/kfm-kasachstan.net\/index.php?rest_route=%2Fwp%2Fv2%2Fpost_folder&post=8672"}],"curies":[{"name":"wp","href":"https:\/\/api.w.org\/{rel}","templated":true}]}}