{"id":4790,"date":"2024-11-19T04:15:55","date_gmt":"2024-11-19T04:15:55","guid":{"rendered":"https:\/\/kfm-kasachstan.net\/?p=4790"},"modified":"2024-11-19T04:15:55","modified_gmt":"2024-11-19T04:15:55","slug":"trockensteher-im-winter","status":"publish","type":"post","link":"https:\/\/kfm-kasachstan.net\/?p=4790","title":{"rendered":"Trockensteher im Winter"},"content":{"rendered":"<p>Mit Beginn des Winters leiden K\u00fche schnell unter K\u00e4ltestress. Auch Trockensteher ben\u00f6tigen ausreichenden Witterungsschutz.<\/p>\n<p>In der Trockenstehphase regeneriert sich nicht nur das Euter, sondern der ganze Organismus einer Kuh. Gleichzeitig ist der K\u00f6rper durch das heranwachsende Kalb und die drastischen Ver\u00e4nderungen im Stoffwechsel stark gefordert. Diese Phase ist entscheidend f\u00fcr einen gesunden und erfolgreichen Start in die bevorstehende Laktation. Eine angepasste F\u00fctterung, ausreichende Platz, gen\u00fcgend Tageslicht, einwandfreie Hygiene, gutes Stallklima und stressarme Haltung sind wichtig.<\/p>\n<p>Erfahrene Herdenmanager stellen ihre K\u00fche mit einem Body Condition Score (BCS) von 3 bis 3,5 trocken. Diese K\u00f6rperkondition sollte bis zur Kalbung konstant bleiben. Ein zu geringer BCS f\u00fchrt zu reduzierter Milchleistung, eine Verfettung dagegen beg\u00fcnstigt Geburtsprobleme, Lebersch\u00e4den oder Stoffwechselerkrankungen wie Ketose.<\/p>\n<p>Trockensteher ben\u00f6tigen qualitativ hochwertiges Futter, um den Verzehr und das Pansenvolumen aufrechtzuerhalten. Damit die K\u00fche den Pansen f\u00fcllen k\u00f6nnen, aber nicht verfetten, hat sich eine Verd\u00fcnnung der Grundration f\u00fcr laktierende K\u00fche mit hochwertigem Stroh bew\u00e4hrt. In der Transitphase beginnt langsam eine energiereichere Anf\u00fctterung, so kann sich die Pansenflora auf das Startphasenfutter einstellen. Auf diese Weise wird einer negativen Energiebilanz und einer Pansen\u00fcbers\u00e4uerung nach der Geburt vorgebeugt.<\/p>\n<p>Besonders der Kalziumstoffwechsel der Kuh wird w\u00e4hrend dieser Zeit stark beansprucht Eine Gabe von sauren Salzen im Zusammenhang mit einer geringen Kaliumkonzentration im Futter hat sich in vielen Betrieben bew\u00e4hrt. Wichtig ist auch eine ausreichende Versorgung mit Magnesium.<\/p>\n<p>Eine angepasste Haltung und gezielte F\u00fctterung sind entscheidend f\u00fcr die Gesundheit von Trockenstehern, sie legen den Grundstein f\u00fcr eine erfolgreiche Laktation.<\/p>\n<p>Uwe Weddige<\/p>\n<p>Foto: KFM<\/p>\n","protected":false},"excerpt":{"rendered":"<p>Mit Beginn des Winters leiden K\u00fche schnell unter K\u00e4ltestress. Auch  [&#8230;]<\/p>\n","protected":false},"author":3,"featured_media":4791,"comment_status":"open","ping_status":"open","sticky":false,"template":"","format":"standard","meta":{"_acf_changed":false,"_relevanssi_hide_post":"","_relevanssi_hide_content":"","_relevanssi_pin_for_all":"","_relevanssi_pin_keywords":"","_relevanssi_unpin_keywords":"","_relevanssi_related_keywords":"","_relevanssi_related_include_ids":"","_relevanssi_related_exclude_ids":"","_relevanssi_related_no_append":"","_relevanssi_related_not_related":"","_relevanssi_related_posts":"","_relevanssi_noindex_reason":"","footnotes":""},"categories":[9],"tags":[],"post_folder":[],"class_list":["post-4790","post","type-post","status-publish","format-standard","has-post-thumbnail","hentry","category-uncategorized-de"],"acf":[],"yoast_head":"<!-- This site is optimized with the Yoast SEO plugin v27.5 - https:\/\/yoast.com\/product\/yoast-seo-wordpress\/ -->\n<title>Trockensteher im Winter - Kompetenzf\u00f6rderung Milch in Kasachstan<\/title>\n<meta name=\"robots\" content=\"index, follow, max-snippet:-1, max-image-preview:large, max-video-preview:-1\" \/>\n<link rel=\"canonical\" href=\"https:\/\/kfm-kasachstan.net\/?p=4790\" \/>\n<meta property=\"og:locale\" content=\"en_GB\" \/>\n<meta property=\"og:type\" content=\"article\" \/>\n<meta property=\"og:title\" content=\"Trockensteher im Winter - Kompetenzf\u00f6rderung Milch in Kasachstan\" \/>\n<meta property=\"og:description\" content=\"Mit Beginn des Winters leiden K\u00fche schnell unter K\u00e4ltestress. Auch [...]\" \/>\n<meta property=\"og:url\" content=\"https:\/\/kfm-kasachstan.net\/?p=4790\" \/>\n<meta property=\"og:site_name\" content=\"Kompetenzf\u00f6rderung Milch in Kasachstan\" \/>\n<meta property=\"article:published_time\" content=\"2024-11-19T04:15:55+00:00\" \/>\n<meta property=\"og:image\" content=\"https:\/\/kfm-kasachstan.net\/wp-content\/uploads\/2024\/11\/News-20241112-Trockensteher-im-Winter-1024x576.jpg\" \/>\n\t<meta property=\"og:image:width\" content=\"1024\" \/>\n\t<meta property=\"og:image:height\" content=\"576\" \/>\n\t<meta property=\"og:image:type\" content=\"image\/jpeg\" \/>\n<meta name=\"author\" content=\"Uwe Weddige\" \/>\n<meta name=\"twitter:card\" content=\"summary_large_image\" \/>\n<meta name=\"twitter:label1\" content=\"Written by\" \/>\n\t<meta name=\"twitter:data1\" content=\"Uwe Weddige\" \/>\n\t<meta name=\"twitter:label2\" content=\"Estimated reading time\" \/>\n\t<meta name=\"twitter:data2\" content=\"1 minute\" \/>\n<script type=\"application\/ld+json\" class=\"yoast-schema-graph\">{\"@context\":\"https:\\\/\\\/schema.org\",\"@graph\":[{\"@type\":\"Article\",\"@id\":\"https:\\\/\\\/kfm-kasachstan.net\\\/?p=4790#article\",\"isPartOf\":{\"@id\":\"https:\\\/\\\/kfm-kasachstan.net\\\/?p=4790\"},\"author\":{\"name\":\"Uwe Weddige\",\"@id\":\"https:\\\/\\\/kfm-kasachstan.net\\\/#\\\/schema\\\/person\\\/189401073b7a4a5a38baebef197d105d\"},\"headline\":\"Trockensteher im Winter\",\"datePublished\":\"2024-11-19T04:15:55+00:00\",\"mainEntityOfPage\":{\"@id\":\"https:\\\/\\\/kfm-kasachstan.net\\\/?p=4790\"},\"wordCount\":276,\"commentCount\":0,\"publisher\":{\"@id\":\"https:\\\/\\\/kfm-kasachstan.net\\\/#organization\"},\"image\":{\"@id\":\"https:\\\/\\\/kfm-kasachstan.net\\\/?p=4790#primaryimage\"},\"thumbnailUrl\":\"https:\\\/\\\/kfm-kasachstan.net\\\/wp-content\\\/uploads\\\/2024\\\/11\\\/News-20241112-Trockensteher-im-Winter-scaled.jpg\",\"articleSection\":[\"News DE\"],\"inLanguage\":\"en-GB\",\"potentialAction\":[{\"@type\":\"CommentAction\",\"name\":\"Comment\",\"target\":[\"https:\\\/\\\/kfm-kasachstan.net\\\/?p=4790#respond\"]}]},{\"@type\":\"WebPage\",\"@id\":\"https:\\\/\\\/kfm-kasachstan.net\\\/?p=4790\",\"url\":\"https:\\\/\\\/kfm-kasachstan.net\\\/?p=4790\",\"name\":\"Trockensteher im Winter - Kompetenzf\u00f6rderung Milch in Kasachstan\",\"isPartOf\":{\"@id\":\"https:\\\/\\\/kfm-kasachstan.net\\\/#website\"},\"primaryImageOfPage\":{\"@id\":\"https:\\\/\\\/kfm-kasachstan.net\\\/?p=4790#primaryimage\"},\"image\":{\"@id\":\"https:\\\/\\\/kfm-kasachstan.net\\\/?p=4790#primaryimage\"},\"thumbnailUrl\":\"https:\\\/\\\/kfm-kasachstan.net\\\/wp-content\\\/uploads\\\/2024\\\/11\\\/News-20241112-Trockensteher-im-Winter-scaled.jpg\",\"datePublished\":\"2024-11-19T04:15:55+00:00\",\"breadcrumb\":{\"@id\":\"https:\\\/\\\/kfm-kasachstan.net\\\/?p=4790#breadcrumb\"},\"inLanguage\":\"en-GB\",\"potentialAction\":[{\"@type\":\"ReadAction\",\"target\":[\"https:\\\/\\\/kfm-kasachstan.net\\\/?p=4790\"]}]},{\"@type\":\"ImageObject\",\"inLanguage\":\"en-GB\",\"@id\":\"https:\\\/\\\/kfm-kasachstan.net\\\/?p=4790#primaryimage\",\"url\":\"https:\\\/\\\/kfm-kasachstan.net\\\/wp-content\\\/uploads\\\/2024\\\/11\\\/News-20241112-Trockensteher-im-Winter-scaled.jpg\",\"contentUrl\":\"https:\\\/\\\/kfm-kasachstan.net\\\/wp-content\\\/uploads\\\/2024\\\/11\\\/News-20241112-Trockensteher-im-Winter-scaled.jpg\",\"width\":2560,\"height\":1440},{\"@type\":\"BreadcrumbList\",\"@id\":\"https:\\\/\\\/kfm-kasachstan.net\\\/?p=4790#breadcrumb\",\"itemListElement\":[{\"@type\":\"ListItem\",\"position\":1,\"name\":\"Home\",\"item\":\"https:\\\/\\\/kfm-kasachstan.net\\\/\"},{\"@type\":\"ListItem\",\"position\":2,\"name\":\"Trockensteher im Winter\"}]},{\"@type\":\"WebSite\",\"@id\":\"https:\\\/\\\/kfm-kasachstan.net\\\/#website\",\"url\":\"https:\\\/\\\/kfm-kasachstan.net\\\/\",\"name\":\"Kompetenzf\u00f6rderung Milch in Kasachstan\",\"description\":\"Deutsch-Kasachisches Kooperationsprojekt\",\"publisher\":{\"@id\":\"https:\\\/\\\/kfm-kasachstan.net\\\/#organization\"},\"potentialAction\":[{\"@type\":\"SearchAction\",\"target\":{\"@type\":\"EntryPoint\",\"urlTemplate\":\"https:\\\/\\\/kfm-kasachstan.net\\\/?s={search_term_string}\"},\"query-input\":{\"@type\":\"PropertyValueSpecification\",\"valueRequired\":true,\"valueName\":\"search_term_string\"}}],\"inLanguage\":\"en-GB\"},{\"@type\":\"Organization\",\"@id\":\"https:\\\/\\\/kfm-kasachstan.net\\\/#organization\",\"name\":\"Kompetenzf\u00f6rderung Milch in Kasachstan\",\"url\":\"https:\\\/\\\/kfm-kasachstan.net\\\/\",\"logo\":{\"@type\":\"ImageObject\",\"inLanguage\":\"en-GB\",\"@id\":\"https:\\\/\\\/kfm-kasachstan.net\\\/#\\\/schema\\\/logo\\\/image\\\/\",\"url\":\"https:\\\/\\\/kfm-kasachstan.net\\\/wp-content\\\/uploads\\\/2020\\\/01\\\/Logo_Header_1080x150_3-03.png\",\"contentUrl\":\"https:\\\/\\\/kfm-kasachstan.net\\\/wp-content\\\/uploads\\\/2020\\\/01\\\/Logo_Header_1080x150_3-03.png\",\"width\":1100,\"height\":150,\"caption\":\"Kompetenzf\u00f6rderung Milch in Kasachstan\"},\"image\":{\"@id\":\"https:\\\/\\\/kfm-kasachstan.net\\\/#\\\/schema\\\/logo\\\/image\\\/\"}},{\"@type\":\"Person\",\"@id\":\"https:\\\/\\\/kfm-kasachstan.net\\\/#\\\/schema\\\/person\\\/189401073b7a4a5a38baebef197d105d\",\"name\":\"Uwe Weddige\",\"image\":{\"@type\":\"ImageObject\",\"inLanguage\":\"en-GB\",\"@id\":\"https:\\\/\\\/secure.gravatar.com\\\/avatar\\\/a6ec22c48de10ce1138b7ab78b514eba5be0b81f016a5c42c62330f43f58696e?s=96&d=mm&r=g\",\"url\":\"https:\\\/\\\/secure.gravatar.com\\\/avatar\\\/a6ec22c48de10ce1138b7ab78b514eba5be0b81f016a5c42c62330f43f58696e?s=96&d=mm&r=g\",\"contentUrl\":\"https:\\\/\\\/secure.gravatar.com\\\/avatar\\\/a6ec22c48de10ce1138b7ab78b514eba5be0b81f016a5c42c62330f43f58696e?s=96&d=mm&r=g\",\"caption\":\"Uwe Weddige\"},\"url\":\"https:\\\/\\\/kfm-kasachstan.net\\\/?author=3\"}]}<\/script>\n<!-- \/ Yoast SEO plugin. -->","yoast_head_json":{"title":"Trockensteher im Winter - Kompetenzf\u00f6rderung Milch in Kasachstan","robots":{"index":"index","follow":"follow","max-snippet":"max-snippet:-1","max-image-preview":"max-image-preview:large","max-video-preview":"max-video-preview:-1"},"canonical":"https:\/\/kfm-kasachstan.net\/?p=4790","og_locale":"en_GB","og_type":"article","og_title":"Trockensteher im Winter - Kompetenzf\u00f6rderung Milch in Kasachstan","og_description":"Mit Beginn des Winters leiden K\u00fche schnell unter K\u00e4ltestress. Auch [...]","og_url":"https:\/\/kfm-kasachstan.net\/?p=4790","og_site_name":"Kompetenzf\u00f6rderung Milch in Kasachstan","article_published_time":"2024-11-19T04:15:55+00:00","og_image":[{"width":1024,"height":576,"url":"https:\/\/kfm-kasachstan.net\/wp-content\/uploads\/2024\/11\/News-20241112-Trockensteher-im-Winter-1024x576.jpg","type":"image\/jpeg"}],"author":"Uwe Weddige","twitter_card":"summary_large_image","twitter_misc":{"Written by":"Uwe Weddige","Estimated reading time":"1 minute"},"schema":{"@context":"https:\/\/schema.org","@graph":[{"@type":"Article","@id":"https:\/\/kfm-kasachstan.net\/?p=4790#article","isPartOf":{"@id":"https:\/\/kfm-kasachstan.net\/?p=4790"},"author":{"name":"Uwe Weddige","@id":"https:\/\/kfm-kasachstan.net\/#\/schema\/person\/189401073b7a4a5a38baebef197d105d"},"headline":"Trockensteher im Winter","datePublished":"2024-11-19T04:15:55+00:00","mainEntityOfPage":{"@id":"https:\/\/kfm-kasachstan.net\/?p=4790"},"wordCount":276,"commentCount":0,"publisher":{"@id":"https:\/\/kfm-kasachstan.net\/#organization"},"image":{"@id":"https:\/\/kfm-kasachstan.net\/?p=4790#primaryimage"},"thumbnailUrl":"https:\/\/kfm-kasachstan.net\/wp-content\/uploads\/2024\/11\/News-20241112-Trockensteher-im-Winter-scaled.jpg","articleSection":["News DE"],"inLanguage":"en-GB","potentialAction":[{"@type":"CommentAction","name":"Comment","target":["https:\/\/kfm-kasachstan.net\/?p=4790#respond"]}]},{"@type":"WebPage","@id":"https:\/\/kfm-kasachstan.net\/?p=4790","url":"https:\/\/kfm-kasachstan.net\/?p=4790","name":"Trockensteher im Winter - Kompetenzf\u00f6rderung Milch in Kasachstan","isPartOf":{"@id":"https:\/\/kfm-kasachstan.net\/#website"},"primaryImageOfPage":{"@id":"https:\/\/kfm-kasachstan.net\/?p=4790#primaryimage"},"image":{"@id":"https:\/\/kfm-kasachstan.net\/?p=4790#primaryimage"},"thumbnailUrl":"https:\/\/kfm-kasachstan.net\/wp-content\/uploads\/2024\/11\/News-20241112-Trockensteher-im-Winter-scaled.jpg","datePublished":"2024-11-19T04:15:55+00:00","breadcrumb":{"@id":"https:\/\/kfm-kasachstan.net\/?p=4790#breadcrumb"},"inLanguage":"en-GB","potentialAction":[{"@type":"ReadAction","target":["https:\/\/kfm-kasachstan.net\/?p=4790"]}]},{"@type":"ImageObject","inLanguage":"en-GB","@id":"https:\/\/kfm-kasachstan.net\/?p=4790#primaryimage","url":"https:\/\/kfm-kasachstan.net\/wp-content\/uploads\/2024\/11\/News-20241112-Trockensteher-im-Winter-scaled.jpg","contentUrl":"https:\/\/kfm-kasachstan.net\/wp-content\/uploads\/2024\/11\/News-20241112-Trockensteher-im-Winter-scaled.jpg","width":2560,"height":1440},{"@type":"BreadcrumbList","@id":"https:\/\/kfm-kasachstan.net\/?p=4790#breadcrumb","itemListElement":[{"@type":"ListItem","position":1,"name":"Home","item":"https:\/\/kfm-kasachstan.net\/"},{"@type":"ListItem","position":2,"name":"Trockensteher im Winter"}]},{"@type":"WebSite","@id":"https:\/\/kfm-kasachstan.net\/#website","url":"https:\/\/kfm-kasachstan.net\/","name":"Kompetenzf\u00f6rderung Milch in Kasachstan","description":"Deutsch-Kasachisches Kooperationsprojekt","publisher":{"@id":"https:\/\/kfm-kasachstan.net\/#organization"},"potentialAction":[{"@type":"SearchAction","target":{"@type":"EntryPoint","urlTemplate":"https:\/\/kfm-kasachstan.net\/?s={search_term_string}"},"query-input":{"@type":"PropertyValueSpecification","valueRequired":true,"valueName":"search_term_string"}}],"inLanguage":"en-GB"},{"@type":"Organization","@id":"https:\/\/kfm-kasachstan.net\/#organization","name":"Kompetenzf\u00f6rderung Milch in Kasachstan","url":"https:\/\/kfm-kasachstan.net\/","logo":{"@type":"ImageObject","inLanguage":"en-GB","@id":"https:\/\/kfm-kasachstan.net\/#\/schema\/logo\/image\/","url":"https:\/\/kfm-kasachstan.net\/wp-content\/uploads\/2020\/01\/Logo_Header_1080x150_3-03.png","contentUrl":"https:\/\/kfm-kasachstan.net\/wp-content\/uploads\/2020\/01\/Logo_Header_1080x150_3-03.png","width":1100,"height":150,"caption":"Kompetenzf\u00f6rderung Milch in Kasachstan"},"image":{"@id":"https:\/\/kfm-kasachstan.net\/#\/schema\/logo\/image\/"}},{"@type":"Person","@id":"https:\/\/kfm-kasachstan.net\/#\/schema\/person\/189401073b7a4a5a38baebef197d105d","name":"Uwe Weddige","image":{"@type":"ImageObject","inLanguage":"en-GB","@id":"https:\/\/secure.gravatar.com\/avatar\/a6ec22c48de10ce1138b7ab78b514eba5be0b81f016a5c42c62330f43f58696e?s=96&d=mm&r=g","url":"https:\/\/secure.gravatar.com\/avatar\/a6ec22c48de10ce1138b7ab78b514eba5be0b81f016a5c42c62330f43f58696e?s=96&d=mm&r=g","contentUrl":"https:\/\/secure.gravatar.com\/avatar\/a6ec22c48de10ce1138b7ab78b514eba5be0b81f016a5c42c62330f43f58696e?s=96&d=mm&r=g","caption":"Uwe Weddige"},"url":"https:\/\/kfm-kasachstan.net\/?author=3"}]}},"_links":{"self":[{"href":"https:\/\/kfm-kasachstan.net\/index.php?rest_route=\/wp\/v2\/posts\/4790","targetHints":{"allow":["GET"]}}],"collection":[{"href":"https:\/\/kfm-kasachstan.net\/index.php?rest_route=\/wp\/v2\/posts"}],"about":[{"href":"https:\/\/kfm-kasachstan.net\/index.php?rest_route=\/wp\/v2\/types\/post"}],"author":[{"embeddable":true,"href":"https:\/\/kfm-kasachstan.net\/index.php?rest_route=\/wp\/v2\/users\/3"}],"replies":[{"embeddable":true,"href":"https:\/\/kfm-kasachstan.net\/index.php?rest_route=%2Fwp%2Fv2%2Fcomments&post=4790"}],"version-history":[{"count":1,"href":"https:\/\/kfm-kasachstan.net\/index.php?rest_route=\/wp\/v2\/posts\/4790\/revisions"}],"predecessor-version":[{"id":4792,"href":"https:\/\/kfm-kasachstan.net\/index.php?rest_route=\/wp\/v2\/posts\/4790\/revisions\/4792"}],"wp:featuredmedia":[{"embeddable":true,"href":"https:\/\/kfm-kasachstan.net\/index.php?rest_route=\/wp\/v2\/media\/4791"}],"wp:attachment":[{"href":"https:\/\/kfm-kasachstan.net\/index.php?rest_route=%2Fwp%2Fv2%2Fmedia&parent=4790"}],"wp:term":[{"taxonomy":"category","embeddable":true,"href":"https:\/\/kfm-kasachstan.net\/index.php?rest_route=%2Fwp%2Fv2%2Fcategories&post=4790"},{"taxonomy":"post_tag","embeddable":true,"href":"https:\/\/kfm-kasachstan.net\/index.php?rest_route=%2Fwp%2Fv2%2Ftags&post=4790"},{"taxonomy":"post_folder","embeddable":true,"href":"https:\/\/kfm-kasachstan.net\/index.php?rest_route=%2Fwp%2Fv2%2Fpost_folder&post=4790"}],"curies":[{"name":"wp","href":"https:\/\/api.w.org\/{rel}","templated":true}]}}